{"id":1269,"date":"2025-07-17T10:53:02","date_gmt":"2025-07-17T08:53:02","guid":{"rendered":"https:\/\/www.ffc-comitedromecyclisme.com\/wordpress472\/?p=1269"},"modified":"2025-11-03T09:42:10","modified_gmt":"2025-11-03T08:42:10","slug":"la-saison-de-cyclo-cross-en-drome-2025-2026-validee-coupe-et-championnat","status":"publish","type":"post","link":"https:\/\/www.ffc-comitedromecyclisme.com\/wordpress472\/2025\/07\/17\/la-saison-de-cyclo-cross-en-drome-2025-2026-validee-coupe-et-championnat\/","title":{"rendered":"La saison de cyclo-cross en Dr\u00f4me 2025\/2026 valid\u00e9e (COUPE ET CHAMPIONNAT)"},"content":{"rendered":"<p><img loading=\"lazy\" decoding=\"async\" class=\"alignnone size-medium wp-image-1270\" src=\"https:\/\/www.ffc-comitedromecyclisme.com\/wordpress472\/wp-content\/uploads\/2025\/07\/affiche-2025-26-205x300.jpg\" alt=\"\" width=\"205\" height=\"300\" srcset=\"https:\/\/www.ffc-comitedromecyclisme.com\/wordpress472\/wp-content\/uploads\/2025\/07\/affiche-2025-26-205x300.jpg 205w, https:\/\/www.ffc-comitedromecyclisme.com\/wordpress472\/wp-content\/uploads\/2025\/07\/affiche-2025-26-230x336.jpg 230w, https:\/\/www.ffc-comitedromecyclisme.com\/wordpress472\/wp-content\/uploads\/2025\/07\/affiche-2025-26-350x512.jpg 350w, https:\/\/www.ffc-comitedromecyclisme.com\/wordpress472\/wp-content\/uploads\/2025\/07\/affiche-2025-26-480x702.jpg 480w, https:\/\/www.ffc-comitedromecyclisme.com\/wordpress472\/wp-content\/uploads\/2025\/07\/affiche-2025-26.jpg 520w\" sizes=\"auto, (max-width: 205px) 100vw, 205px\" \/><\/p>\n<p>La Saison de cyclo-cross 2025\/2026 en Drome\u00a0:<\/p>\n<p>+une 9\u00e9me COUPE Dr\u00f4me pour les cat\u00e9gories Cadets \u00e0 Masters chez les hommes et Cadettes \u00e0 Seniors chez les f\u00e9minines. Sur 9 \u00e9preuves et au meilleur des \u00e9preuves moins 1 joker finale \u00e0 Bourg les Valence. Les r\u00e9compenses ne seront remises qu\u2019en pr\u00e9sence des licenci\u00e9s lors de la derni\u00e8re manche 26 soit finale \u00e0 Bourg les Valence.\u00a0 En EDC se sera 10 \u00e9preuves qui seront concern\u00e9es cette saison, finale \u00e0 Tournon.<\/p>\n<p>+Le titre et donc le maillot de Champion Drome pour les cat\u00e9gories Minimes \u00e0 Masters chez les hommes et Minimes \u00e0 Seniors chez les f\u00e9minines (5+4=9 maillots). La course support de ce titre honorifique cette ann\u00e9e\u00a0c\u2019est Valence UCMV.<\/p>\n<table width=\"842\">\n<tbody>\n<tr>\n<td colspan=\"2\" width=\"43\">lieu<\/td>\n<td width=\"191\"><strong>\u00a0Coupe 26 edc\/cadets \u00e0 master 2025\/2026<\/strong><\/td>\n<td width=\"151\"><strong>Date<\/strong><\/td>\n<td width=\"170\"><strong>Correspondant du club organisateur<\/strong><\/td>\n<td colspan=\"2\" width=\"287\"><strong>Type <\/strong><\/td>\n<\/tr>\n<tr>\n<td colspan=\"2\" width=\"43\">26<\/td>\n<td width=\"191\">1 Pierrelatte<\/td>\n<td width=\"151\">Le 28\/09\/2025<\/td>\n<td width=\"170\">Jean Fran\u00e7ois Robert VCP<\/td>\n<td width=\"142\">Tte<\/td>\n<td width=\"145\"><\/td>\n<\/tr>\n<tr>\n<td colspan=\"2\" width=\"43\">26<\/td>\n<td width=\"191\">2 Saint-Rambert<\/td>\n<td width=\"151\">\u00a0le\u00a0S 11\/10\/2025<\/td>\n<td width=\"170\">Olivier Bruyat VCR<\/td>\n<td width=\"142\">tte<\/td>\n<td width=\"145\"><\/td>\n<\/tr>\n<tr>\n<td colspan=\"2\" width=\"43\">26<\/td>\n<td width=\"191\">3 Bren<\/td>\n<td width=\"151\">\u00a0le\u00a026\/10\/2025<\/td>\n<td width=\"170\">Thibaut Imbert VSRP<\/td>\n<td width=\"142\">tte<\/td>\n<td width=\"145\"><\/td>\n<\/tr>\n<tr>\n<td colspan=\"2\" width=\"43\">26<\/td>\n<td width=\"191\">4 Valence<\/td>\n<td width=\"151\">\u00a0le 02\/11\/2025<\/td>\n<td width=\"170\">Dylan Vanier UCMV<\/td>\n<td width=\"142\">tte CHPT26 U17\/23 remise de 9 maillots<\/td>\n<td width=\"145\"><\/td>\n<\/tr>\n<tr>\n<td colspan=\"2\" width=\"43\">26<\/td>\n<td width=\"191\">5 St Sorlin en Valoire<\/td>\n<td width=\"151\">\u00a0le 09\/11\/2025<\/td>\n<td width=\"170\">Ludovic Lacroix SMVTT<\/td>\n<td width=\"142\">tte (access:hors coupe)<\/td>\n<td width=\"145\"><\/td>\n<\/tr>\n<tr>\n<td colspan=\"2\" width=\"43\">26<\/td>\n<td width=\"191\">6 Montelimar<\/td>\n<td width=\"151\">\u00a0le 23\/11\/2025<\/td>\n<td width=\"170\">Thibaut Raisin SJVCM<\/td>\n<td width=\"142\">tte<\/td>\n<td width=\"145\"><\/td>\n<\/tr>\n<tr>\n<td colspan=\"2\" width=\"43\">26<\/td>\n<td width=\"191\">7 Saillans<\/td>\n<td width=\"151\">Le 14\/12\/2025<\/td>\n<td width=\"170\">Fran\u00e7ois Gondran VCS<\/td>\n<td width=\"142\">Edc u17\/ access(hors coupe)<\/td>\n<td width=\"145\"><\/td>\n<\/tr>\n<tr>\n<td colspan=\"2\" width=\"43\">26<\/td>\n<td width=\"191\">8 Andancette<\/td>\n<td width=\"151\">Le S 03\/01\/2026<\/td>\n<td width=\"170\">Olivier Bruyat VCR<\/td>\n<td width=\"142\">tte<\/td>\n<td width=\"145\"><\/td>\n<\/tr>\n<tr>\n<td colspan=\"2\" width=\"43\">26<\/td>\n<td width=\"191\">9 Bourg les Valence<\/td>\n<td width=\"151\">\u00a0le S 17\/01\/2026<\/td>\n<td width=\"170\">Gilles Delhomme SCBLV<\/td>\n<td width=\"142\">TteFinale Coupe U17et+<\/td>\n<td width=\"145\"><\/td>\n<\/tr>\n<tr>\n<td colspan=\"2\" width=\"43\">07<\/td>\n<td width=\"191\">10 Tournon<\/td>\n<td width=\"151\">Le S 31\/01\/2026<\/td>\n<td width=\"170\">Salom\u00e9 Dujardin UCTT<\/td>\n<td width=\"142\">EDC + USAFinale Coupe EDC<\/td>\n<td width=\"145\"><\/td>\n<\/tr>\n<tr>\n<td colspan=\"2\" width=\"43\"><\/td>\n<td width=\"191\"><\/td>\n<td width=\"151\"><\/td>\n<td width=\"170\"><\/td>\n<td width=\"142\"><\/td>\n<td width=\"145\"><\/td>\n<\/tr>\n<tr>\n<td width=\"42\"><\/td>\n<td colspan=\"2\" width=\"192\"><\/td>\n<td width=\"151\"><\/td>\n<td width=\"170\"><\/td>\n<td width=\"142\"><\/td>\n<td width=\"145\"><\/td>\n<\/tr>\n<tr>\n<td colspan=\"6\" width=\"697\">Le comit\u00e9 ne saisit que les licenci\u00e9s hommes 26 \u00e0 leur place r\u00e9el suivant classement \u00e9tabli par les commissaires (m\u00eame tableau excel que les \u00e9cole de cyclisme). Pour les filles toutes les licenci\u00e9es de tous comit\u00e9s sont saisies.<\/td>\n<td width=\"145\"><\/td>\n<\/tr>\n<tr>\n<td width=\"42\"><\/td>\n<td width=\"1\"><\/td>\n<td width=\"191\"><\/td>\n<td width=\"151\"><\/td>\n<td width=\"170\"><\/td>\n<td width=\"142\"><\/td>\n<td width=\"145\"><\/td>\n<\/tr>\n<\/tbody>\n<\/table>\n<p><strong>REGLEMENT 2025\/2026<\/strong><\/p>\n<p>COUPE DR\u00d4ME CYCLOCROSS<\/p>\n<p><strong>CATEGORIE CADETS A MASTERS<\/strong><\/p>\n<p><strong>\u00a0<\/strong><\/p>\n<p><strong>Art. 1<\/strong> : Cette COUPE concerne les cyclistes, filles et gar\u00e7ons, des cat\u00e9gories suivantes : cadets\/juniors\/ espoirs, seniors et masters 3et+H (en cx 45 ans et+) licenci\u00e9s dans un club de DROME affili\u00e9 \u00e0 la F\u00e9d\u00e9ration Fran\u00e7aise de Cyclisme. Soit 4 cat\u00e9gories de classement en hommes et 3 en f\u00e9minine .<\/p>\n<p>C\u2019est un classement de cat\u00e9gorie d\u2019\u00e2ge et pas de type de licence . Les courses ACCESS seules ne sont pas comptabilis\u00e9es pour la coupe .<\/p>\n<p><strong>Art. 2<\/strong> : Toutes les \u00e9preuves de Cyclo-Cross organis\u00e9es par les clubs de Dr\u00f4me comptent pour cette Coupe. En cas d\u2019\u00e9preuve de type r\u00e9gionale ou nationale organis\u00e9s dans le d\u00e9partement le classement COUPE 26 s\u2019applique aux licenci\u00e9s class\u00e9s.<\/p>\n<p>9 \u00e9preuves 2025\/2026\u00a0et 10 en EDC<\/p>\n<p><strong>Art. 3<\/strong> : Les Classements<\/p>\n<p><strong>Art. 3.1<\/strong>\u00a0: Classement individuel \/ Attribution des points\u00a0: ATTENTION la place 1 correspond au 1<sup>er<\/sup> licenci\u00e9 d\u2019un club 26\/07\u00a0; il re\u00e7oit 20pts m\u00eame s\u2019il est class\u00e9 12<sup>\u00e8me<\/sup> au scratch et ainsi de suite.<\/p>\n<p>A l&rsquo;issue de chaque \u00e9preuve, un classement provisoire individuel sera \u00e9tabli. Le classement final sera \u00e9tabli \u00e0 partir des meilleurs r\u00e9sultats de chaque coureur<\/p>\n<p>Pour qu\u2019un coureur soit class\u00e9 au classement final, il faudra avoir particip\u00e9 au moins \u00e0 la moiti\u00e9 des \u00e9preuves\u00a0pour les hommes :<\/p>\n<p>Pour les f\u00e9minines ce tableau ne s\u2019applique pas et toutes les f\u00e9minines de tous les comit\u00e9s hors 26 seront class\u00e9es.<\/p>\n<p>Le nombre de joker est d\u00e9fini pour toutes les \u00e9preuves au calendrier\u00a0; 1 joker.<\/p>\n<p>Celui ou celle qui aura totalis\u00e9 le plus grand nombre de points sera d\u00e9clar\u00e9(e) vainqueur de la COUPE \u00e0 l\u2019issue de la derni\u00e8re \u00e9preuve. En cas d\u2019\u00e9galit\u00e9, le classement de la derni\u00e8re \u00e9preuve sera d\u00e9terminant.<\/p>\n<p><strong>Art. 3.2<\/strong>\u00a0: Classement des clubs<\/p>\n<p>Un classement des clubs ne sera pas \u00e9tabli\u00a0; c\u2019est un classement individuel.<\/p>\n<p><strong>Art. 4<\/strong> : Les classements de cette coupe feront l\u2019objet d\u2019une parution r\u00e9guli\u00e8re et seront t\u00e9l\u00e9chargeables sur les sites internet des Comit\u00e9s Drome Cycliste et Facebook Comit\u00e9. 7\/8 classements seront \u00e9tablis\u00a0; 3 f\u00e9minins et 4\/5 masculins (u23 espoir h possible) .<\/p>\n<p><strong>Art. 5<\/strong> : Le r\u00e8glement f\u00e9d\u00e9ral FFC s\u2019applique sur toutes les \u00e9preuves. Seuls les classements \u00e9tablis par les arbitres sont pris en compte pour le classement de la coupe. Aucune r\u00e9clamation ne sera prise en compte par les comit\u00e9s d\u00e9partementaux.<\/p>\n<p><strong>Art. 6<\/strong> : En cas de litige ou de manquement \u00e0 la r\u00e9glementation, le comit\u00e9 Dr\u00f4me statuera et le jugement sera sans appel. Cas Particulier des mutations entrant en Drome ; <strong>\u00e0 la demande des athl\u00e8tes ou du club<\/strong>, les points acquis en d\u00e9but de saison sous un autre d\u00e9partement que 26 peuvent \u00eatre cumul\u00e9s \u00e0 ceux de fin de saison sous le nouveau maillot d\u2019un club 26.<\/p>\n<p><strong>Art. 7<\/strong>\u00a0: La remise officielle des r\u00e9compenses se fait \u00e0 l\u2019occasion de la derni\u00e8re \u00e9preuve 26.<\/p>\n<p>Les 3 premiers et premi\u00e8res de chaque cat\u00e9gorie recevront un lot nature et m\u00e9daille soit cadets et master(h) pour les juniors, seniors une grille de prix (minimum 5 comp\u00e9titeurs class\u00e9s par cat\u00e9gories pour b\u00e9n\u00e9ficier des r\u00e9compenses grille de coupe). Les r\u00e9compenses ne seront remises qu\u2019en pr\u00e9sence des licenci\u00e9s lors de la derni\u00e8re manche 26 : la pr\u00e9sence des r\u00e9cipiendaires \u00e0 cette remise de r\u00e9compenses est obligatoire.<\/p>\n<p>Les diff\u00e9rentes r\u00e9compenses sont financ\u00e9es par le comit\u00e9 Dr\u00f4me.<\/p>\n<p><strong>REGLEMENT 2025\/26<\/strong><\/p>\n<p>CHAMPION DR\u00d4ME CYCLOCROSS<\/p>\n<p><strong>CATEGORIE MINIMES A MASTERS H<\/strong><\/p>\n<p><strong>\u00a0<\/strong><\/p>\n<p><strong>Art. 1<\/strong> : Le titre de champion Drome concerne les cyclistes, filles et gar\u00e7ons, des cat\u00e9gories suivantes\u00a0: minimes, cadets, juniors, espoirs-seniors et masters H licenci\u00e9s dans un club affili\u00e9 \u00e0 la F\u00e9d\u00e9ration Fran\u00e7aise de Cyclisme. Les cartes journ\u00e9es ne sont pas concern\u00e9es par le titre idem pour les inscriptions sur place mais peuvent participer \u00e0 l\u2019\u00e9preuve.<\/p>\n<p><strong>Art. 2<\/strong> : 1 seule \u00e9preuve de Cyclo-Cross organis\u00e9es par 1 club de Dr\u00f4me sera support pour ce titre sur 1 jour. Un calendrier sera \u00e9tabli afin de repartir cette r\u00e9compense entre chaque club organisateur.<\/p>\n<p><strong>Art. 3<\/strong> : Les Classements individuel\u00a0; premier de chaque cat\u00e9gorie\u00a0au nombre de 9 :<\/p>\n<p>Minime, Cadet, Junior, Espoir\/Senior ; H et F &#8211; Masters H soit 9 maillots. Protocole . Pas de podium 1\/2\/3 mais une photo avec les 9 champions si possible .<\/p>\n<p><strong>Art. 4<\/strong>\u00a0: La remise officielle des r\u00e9compenses se fait \u00e0 l\u2019occasion de cette \u00e9preuve.<\/p>\n<p>Le cumul des r\u00e9compenses entre chaque cat\u00e9gorie est impossible.<\/p>\n<p>La pr\u00e9sence des r\u00e9cipiendaires \u00e0 cette remise de r\u00e9compenses est obligatoire et on appel que les 9 maillots concern\u00e9s.<\/p>\n<p>Les diff\u00e9rentes maillots r\u00e9compenses sont financ\u00e9es par le comit\u00e9 Dr\u00f4me.<\/p>\n<p><strong>Art. 5<\/strong>\u00a0: Les Epreuves<\/p>\n<p>2015 Valence \/ 2016 Sarras \/ 2017 Mont\u00e9limar \/ 2018 Andancette \/ 2019\u00a0Romans\u00a0\/ 2020 St Rambert\u00a0\/ 2021\u00a0St Sorlin \/ 2022 St Michel \/ 2023 Bourg le Valence \/ 2024 Viviers.\u00a0 <strong>2025 Valence<\/strong><\/p>\n<p>Eric Delacroix<\/p>\n<p>Resp CX comit\u00e9 Drome .<\/p>\n","protected":false},"excerpt":{"rendered":"<p>La Saison de cyclo-cross 2025\/2026 en Drome\u00a0: +une 9\u00e9me COUPE Dr\u00f4me pour les cat\u00e9gories Cadets \u00e0 Masters chez les hommes et Cadettes [&hellip;]<\/p>\n","protected":false},"author":6,"featured_media":0,"comment_status":"closed","ping_status":"open","sticky":false,"template":"","format":"standard","meta":{"footnotes":""},"categories":[12],"tags":[],"class_list":["post-1269","post","type-post","status-publish","format-standard","hentry","category-cyclo-cross"],"_links":{"self":[{"href":"https:\/\/www.ffc-comitedromecyclisme.com\/wordpress472\/wp-json\/wp\/v2\/posts\/1269","targetHints":{"allow":["GET"]}}],"collection":[{"href":"https:\/\/www.ffc-comitedromecyclisme.com\/wordpress472\/wp-json\/wp\/v2\/posts"}],"about":[{"href":"https:\/\/www.ffc-comitedromecyclisme.com\/wordpress472\/wp-json\/wp\/v2\/types\/post"}],"author":[{"embeddable":true,"href":"https:\/\/www.ffc-comitedromecyclisme.com\/wordpress472\/wp-json\/wp\/v2\/users\/6"}],"replies":[{"embeddable":true,"href":"https:\/\/www.ffc-comitedromecyclisme.com\/wordpress472\/wp-json\/wp\/v2\/comments?post=1269"}],"version-history":[{"count":6,"href":"https:\/\/www.ffc-comitedromecyclisme.com\/wordpress472\/wp-json\/wp\/v2\/posts\/1269\/revisions"}],"predecessor-version":[{"id":1388,"href":"https:\/\/www.ffc-comitedromecyclisme.com\/wordpress472\/wp-json\/wp\/v2\/posts\/1269\/revisions\/1388"}],"wp:attachment":[{"href":"https:\/\/www.ffc-comitedromecyclisme.com\/wordpress472\/wp-json\/wp\/v2\/media?parent=1269"}],"wp:term":[{"taxonomy":"category","embeddable":true,"href":"https:\/\/www.ffc-comitedromecyclisme.com\/wordpress472\/wp-json\/wp\/v2\/categories?post=1269"},{"taxonomy":"post_tag","embeddable":true,"href":"https:\/\/www.ffc-comitedromecyclisme.com\/wordpress472\/wp-json\/wp\/v2\/tags?post=1269"}],"curies":[{"name":"wp","href":"https:\/\/api.w.org\/{rel}","templated":true}]}}