{"id":1435,"date":"2025-12-15T09:18:40","date_gmt":"2025-12-15T08:18:40","guid":{"rendered":"https:\/\/www.ffc-comitedromecyclisme.com\/wordpress472\/?p=1435"},"modified":"2025-12-15T09:20:43","modified_gmt":"2025-12-15T08:20:43","slug":"classement-de-la-coupe-apres-saillan-u17","status":"publish","type":"post","link":"https:\/\/www.ffc-comitedromecyclisme.com\/wordpress472\/2025\/12\/15\/classement-de-la-coupe-apres-saillan-u17\/","title":{"rendered":"Classement de la coupe apr\u00e8s Saillans (U17)"},"content":{"rendered":"<p>Bonjour<\/p>\n<p>En cadet profitant de l absence de Loan Desmeure UCTT , Ruben Mefta VSRP reprend la t\u00eate du classement \u00e0 2 \u00e9preuves de la finale . Yvan Lozano VCR compl\u00e8te le podium sous la menace d Hugo Allibert VSRP . Chez les filles Cl\u00e9mence Dardaillon UCTT a creuser l \u00e9cart sur ces poursuivantes Rachel Weiss VSRP et Victoire Rey VCP . L avant derni\u00e8re a Andancette le samedi 3 janvier .<\/p>\n<p>A noter une ACCESS qui a r\u00e9uni 28 partants dont 3 juniors (non comptabilis\u00e9 car des juniors ont une licence open et ne peuvent d\u00e9fendre leur place \u00e0 la coupe 26)<\/p>\n<p>Reste Meons et Corbas le we du 21\/12 avant une \u00ab\u00a0tr\u00eave des confiseurs\u00a0\u00bb Bonnes f\u00eates \u00e0 tous EDx<\/p>\n<p><a href=\"https:\/\/www.ffc-comitedromecyclisme.com\/wordpress472\/wp-content\/uploads\/2025\/12\/coupe-cx-2526-apres-SAILLANS.pdf\">coupe cx 2526 apres SAILLANS<\/a><\/p>\n","protected":false},"excerpt":{"rendered":"<p>Bonjour En cadet profitant de l absence de Loan Desmeure UCTT , Ruben Mefta VSRP reprend la t\u00eate du classement \u00e0 2 [&hellip;]<\/p>\n","protected":false},"author":6,"featured_media":0,"comment_status":"closed","ping_status":"open","sticky":false,"template":"","format":"standard","meta":{"footnotes":""},"categories":[12],"tags":[],"class_list":["post-1435","post","type-post","status-publish","format-standard","hentry","category-cyclo-cross"],"_links":{"self":[{"href":"https:\/\/www.ffc-comitedromecyclisme.com\/wordpress472\/wp-json\/wp\/v2\/posts\/1435","targetHints":{"allow":["GET"]}}],"collection":[{"href":"https:\/\/www.ffc-comitedromecyclisme.com\/wordpress472\/wp-json\/wp\/v2\/posts"}],"about":[{"href":"https:\/\/www.ffc-comitedromecyclisme.com\/wordpress472\/wp-json\/wp\/v2\/types\/post"}],"author":[{"embeddable":true,"href":"https:\/\/www.ffc-comitedromecyclisme.com\/wordpress472\/wp-json\/wp\/v2\/users\/6"}],"replies":[{"embeddable":true,"href":"https:\/\/www.ffc-comitedromecyclisme.com\/wordpress472\/wp-json\/wp\/v2\/comments?post=1435"}],"version-history":[{"count":2,"href":"https:\/\/www.ffc-comitedromecyclisme.com\/wordpress472\/wp-json\/wp\/v2\/posts\/1435\/revisions"}],"predecessor-version":[{"id":1438,"href":"https:\/\/www.ffc-comitedromecyclisme.com\/wordpress472\/wp-json\/wp\/v2\/posts\/1435\/revisions\/1438"}],"wp:attachment":[{"href":"https:\/\/www.ffc-comitedromecyclisme.com\/wordpress472\/wp-json\/wp\/v2\/media?parent=1435"}],"wp:term":[{"taxonomy":"category","embeddable":true,"href":"https:\/\/www.ffc-comitedromecyclisme.com\/wordpress472\/wp-json\/wp\/v2\/categories?post=1435"},{"taxonomy":"post_tag","embeddable":true,"href":"https:\/\/www.ffc-comitedromecyclisme.com\/wordpress472\/wp-json\/wp\/v2\/tags?post=1435"}],"curies":[{"name":"wp","href":"https:\/\/api.w.org\/{rel}","templated":true}]}}