{"id":919,"date":"2024-01-22T20:09:00","date_gmt":"2024-01-22T19:09:00","guid":{"rendered":"https:\/\/www.ffc-comitedromecyclisme.com\/wordpress472\/?p=919"},"modified":"2025-03-26T23:09:34","modified_gmt":"2025-03-26T22:09:34","slug":"photos-des-podiums-coupe-cx-23-24","status":"publish","type":"post","link":"https:\/\/www.ffc-comitedromecyclisme.com\/wordpress472\/2024\/01\/22\/photos-des-podiums-coupe-cx-23-24\/","title":{"rendered":"photos des podiums coupe cx 23\/24"},"content":{"rendered":"<p>Seul 4 athl\u00e8tes absents sur 18 possibles au protocole de la coupe ; je remercie les crossmen et women qui sont toujours en saison d&rsquo;\u00eatre pr\u00e9sents mais aussi celle et ceux qui sont venue en spectatrice ou en coupure fin de saison . Cette ann\u00e9e \u00e7a n&rsquo;\u00e9tait pas qu&rsquo;honorifique , il y avait des lots et grille de prix ! Si le comit\u00e9 trouve un sponsor supplementaire on fera encore mieux l ann\u00e9e prochaine. edx<\/p>\n<p>PS ci joint photos podium coupe au complet <\/p>\n<p><img loading=\"lazy\" decoding=\"async\" class=\"alignnone size-medium wp-image-920\" src=\"https:\/\/www.ffc-comitedromecyclisme.com\/wordpress472\/wp-content\/uploads\/2024\/01\/418687850_1106042150574053_7832849227061676458_n-300x200.jpg\" alt=\"\" width=\"300\" height=\"200\" srcset=\"https:\/\/www.ffc-comitedromecyclisme.com\/wordpress472\/wp-content\/uploads\/2024\/01\/418687850_1106042150574053_7832849227061676458_n-300x200.jpg 300w, https:\/\/www.ffc-comitedromecyclisme.com\/wordpress472\/wp-content\/uploads\/2024\/01\/418687850_1106042150574053_7832849227061676458_n-230x153.jpg 230w, https:\/\/www.ffc-comitedromecyclisme.com\/wordpress472\/wp-content\/uploads\/2024\/01\/418687850_1106042150574053_7832849227061676458_n-350x233.jpg 350w, https:\/\/www.ffc-comitedromecyclisme.com\/wordpress472\/wp-content\/uploads\/2024\/01\/418687850_1106042150574053_7832849227061676458_n.jpg 420w\" sizes=\"auto, (max-width: 300px) 100vw, 300px\" \/> <img loading=\"lazy\" decoding=\"async\" class=\"alignnone size-medium wp-image-921\" src=\"https:\/\/www.ffc-comitedromecyclisme.com\/wordpress472\/wp-content\/uploads\/2024\/01\/417513299_1192874225006799_8634763437877249572_n-300x200.jpg\" alt=\"\" width=\"300\" height=\"200\" srcset=\"https:\/\/www.ffc-comitedromecyclisme.com\/wordpress472\/wp-content\/uploads\/2024\/01\/417513299_1192874225006799_8634763437877249572_n-300x200.jpg 300w, https:\/\/www.ffc-comitedromecyclisme.com\/wordpress472\/wp-content\/uploads\/2024\/01\/417513299_1192874225006799_8634763437877249572_n-230x153.jpg 230w, https:\/\/www.ffc-comitedromecyclisme.com\/wordpress472\/wp-content\/uploads\/2024\/01\/417513299_1192874225006799_8634763437877249572_n-350x233.jpg 350w, https:\/\/www.ffc-comitedromecyclisme.com\/wordpress472\/wp-content\/uploads\/2024\/01\/417513299_1192874225006799_8634763437877249572_n.jpg 420w\" sizes=\"auto, (max-width: 300px) 100vw, 300px\" \/> <img loading=\"lazy\" decoding=\"async\" class=\"alignnone size-medium wp-image-922\" src=\"https:\/\/www.ffc-comitedromecyclisme.com\/wordpress472\/wp-content\/uploads\/2024\/01\/418858292_1048389659730155_1575194903847646169_n-300x200.jpg\" alt=\"\" width=\"300\" height=\"200\" srcset=\"https:\/\/www.ffc-comitedromecyclisme.com\/wordpress472\/wp-content\/uploads\/2024\/01\/418858292_1048389659730155_1575194903847646169_n-300x200.jpg 300w, https:\/\/www.ffc-comitedromecyclisme.com\/wordpress472\/wp-content\/uploads\/2024\/01\/418858292_1048389659730155_1575194903847646169_n-230x153.jpg 230w, https:\/\/www.ffc-comitedromecyclisme.com\/wordpress472\/wp-content\/uploads\/2024\/01\/418858292_1048389659730155_1575194903847646169_n-350x233.jpg 350w, https:\/\/www.ffc-comitedromecyclisme.com\/wordpress472\/wp-content\/uploads\/2024\/01\/418858292_1048389659730155_1575194903847646169_n.jpg 420w\" sizes=\"auto, (max-width: 300px) 100vw, 300px\" \/><img loading=\"lazy\" decoding=\"async\" class=\"alignnone size-medium wp-image-923\" src=\"https:\/\/www.ffc-comitedromecyclisme.com\/wordpress472\/wp-content\/uploads\/2024\/01\/416585802_700608472215773_5665234720640626337_n-300x200.jpg\" alt=\"\" width=\"300\" height=\"200\" srcset=\"https:\/\/www.ffc-comitedromecyclisme.com\/wordpress472\/wp-content\/uploads\/2024\/01\/416585802_700608472215773_5665234720640626337_n-300x200.jpg 300w, https:\/\/www.ffc-comitedromecyclisme.com\/wordpress472\/wp-content\/uploads\/2024\/01\/416585802_700608472215773_5665234720640626337_n-230x153.jpg 230w, https:\/\/www.ffc-comitedromecyclisme.com\/wordpress472\/wp-content\/uploads\/2024\/01\/416585802_700608472215773_5665234720640626337_n-350x233.jpg 350w, https:\/\/www.ffc-comitedromecyclisme.com\/wordpress472\/wp-content\/uploads\/2024\/01\/416585802_700608472215773_5665234720640626337_n.jpg 420w\" sizes=\"auto, (max-width: 300px) 100vw, 300px\" \/><\/p>\n\n\n<figure class=\"wp-block-image size-large\"><img loading=\"lazy\" decoding=\"async\" width=\"1024\" height=\"683\" src=\"https:\/\/www.ffc-comitedromecyclisme.com\/wordpress472\/wp-content\/uploads\/2024\/01\/418793770_2154325244912689_6753658101778879547_n-1024x683.jpg\" alt=\"\" class=\"wp-image-945\" srcset=\"https:\/\/www.ffc-comitedromecyclisme.com\/wordpress472\/wp-content\/uploads\/2024\/01\/418793770_2154325244912689_6753658101778879547_n-1024x683.jpg 1024w, https:\/\/www.ffc-comitedromecyclisme.com\/wordpress472\/wp-content\/uploads\/2024\/01\/418793770_2154325244912689_6753658101778879547_n-300x200.jpg 300w, https:\/\/www.ffc-comitedromecyclisme.com\/wordpress472\/wp-content\/uploads\/2024\/01\/418793770_2154325244912689_6753658101778879547_n-768x512.jpg 768w, https:\/\/www.ffc-comitedromecyclisme.com\/wordpress472\/wp-content\/uploads\/2024\/01\/418793770_2154325244912689_6753658101778879547_n-1536x1024.jpg 1536w, https:\/\/www.ffc-comitedromecyclisme.com\/wordpress472\/wp-content\/uploads\/2024\/01\/418793770_2154325244912689_6753658101778879547_n-2048x1365.jpg 2048w, https:\/\/www.ffc-comitedromecyclisme.com\/wordpress472\/wp-content\/uploads\/2024\/01\/418793770_2154325244912689_6753658101778879547_n-1000x667.jpg 1000w, https:\/\/www.ffc-comitedromecyclisme.com\/wordpress472\/wp-content\/uploads\/2024\/01\/418793770_2154325244912689_6753658101778879547_n-230x153.jpg 230w, https:\/\/www.ffc-comitedromecyclisme.com\/wordpress472\/wp-content\/uploads\/2024\/01\/418793770_2154325244912689_6753658101778879547_n-350x233.jpg 350w, https:\/\/www.ffc-comitedromecyclisme.com\/wordpress472\/wp-content\/uploads\/2024\/01\/418793770_2154325244912689_6753658101778879547_n-480x320.jpg 480w\" sizes=\"auto, (max-width: 1024px) 100vw, 1024px\" \/><\/figure>\n\n\n\n<figure class=\"wp-block-image size-large\"><img loading=\"lazy\" decoding=\"async\" width=\"1024\" height=\"683\" src=\"https:\/\/www.ffc-comitedromecyclisme.com\/wordpress472\/wp-content\/uploads\/2024\/01\/417265811_1120612062210945_144124265674483032_n-1024x683.jpg\" alt=\"\" class=\"wp-image-944\" srcset=\"https:\/\/www.ffc-comitedromecyclisme.com\/wordpress472\/wp-content\/uploads\/2024\/01\/417265811_1120612062210945_144124265674483032_n-1024x683.jpg 1024w, https:\/\/www.ffc-comitedromecyclisme.com\/wordpress472\/wp-content\/uploads\/2024\/01\/417265811_1120612062210945_144124265674483032_n-300x200.jpg 300w, https:\/\/www.ffc-comitedromecyclisme.com\/wordpress472\/wp-content\/uploads\/2024\/01\/417265811_1120612062210945_144124265674483032_n-768x512.jpg 768w, https:\/\/www.ffc-comitedromecyclisme.com\/wordpress472\/wp-content\/uploads\/2024\/01\/417265811_1120612062210945_144124265674483032_n-1536x1024.jpg 1536w, https:\/\/www.ffc-comitedromecyclisme.com\/wordpress472\/wp-content\/uploads\/2024\/01\/417265811_1120612062210945_144124265674483032_n-2048x1365.jpg 2048w, https:\/\/www.ffc-comitedromecyclisme.com\/wordpress472\/wp-content\/uploads\/2024\/01\/417265811_1120612062210945_144124265674483032_n-1000x667.jpg 1000w, https:\/\/www.ffc-comitedromecyclisme.com\/wordpress472\/wp-content\/uploads\/2024\/01\/417265811_1120612062210945_144124265674483032_n-230x153.jpg 230w, https:\/\/www.ffc-comitedromecyclisme.com\/wordpress472\/wp-content\/uploads\/2024\/01\/417265811_1120612062210945_144124265674483032_n-350x233.jpg 350w, https:\/\/www.ffc-comitedromecyclisme.com\/wordpress472\/wp-content\/uploads\/2024\/01\/417265811_1120612062210945_144124265674483032_n-480x320.jpg 480w\" sizes=\"auto, (max-width: 1024px) 100vw, 1024px\" \/><\/figure>\n","protected":false},"excerpt":{"rendered":"<p>Seul 4 athl\u00e8tes absents sur 18 possibles au protocole de la coupe ; je remercie les crossmen et women qui sont toujours [&hellip;]<\/p>\n","protected":false},"author":6,"featured_media":0,"comment_status":"closed","ping_status":"open","sticky":false,"template":"","format":"standard","meta":{"footnotes":""},"categories":[12],"tags":[],"class_list":["post-919","post","type-post","status-publish","format-standard","hentry","category-cyclo-cross"],"_links":{"self":[{"href":"https:\/\/www.ffc-comitedromecyclisme.com\/wordpress472\/wp-json\/wp\/v2\/posts\/919","targetHints":{"allow":["GET"]}}],"collection":[{"href":"https:\/\/www.ffc-comitedromecyclisme.com\/wordpress472\/wp-json\/wp\/v2\/posts"}],"about":[{"href":"https:\/\/www.ffc-comitedromecyclisme.com\/wordpress472\/wp-json\/wp\/v2\/types\/post"}],"author":[{"embeddable":true,"href":"https:\/\/www.ffc-comitedromecyclisme.com\/wordpress472\/wp-json\/wp\/v2\/users\/6"}],"replies":[{"embeddable":true,"href":"https:\/\/www.ffc-comitedromecyclisme.com\/wordpress472\/wp-json\/wp\/v2\/comments?post=919"}],"version-history":[{"count":6,"href":"https:\/\/www.ffc-comitedromecyclisme.com\/wordpress472\/wp-json\/wp\/v2\/posts\/919\/revisions"}],"predecessor-version":[{"id":1192,"href":"https:\/\/www.ffc-comitedromecyclisme.com\/wordpress472\/wp-json\/wp\/v2\/posts\/919\/revisions\/1192"}],"wp:attachment":[{"href":"https:\/\/www.ffc-comitedromecyclisme.com\/wordpress472\/wp-json\/wp\/v2\/media?parent=919"}],"wp:term":[{"taxonomy":"category","embeddable":true,"href":"https:\/\/www.ffc-comitedromecyclisme.com\/wordpress472\/wp-json\/wp\/v2\/categories?post=919"},{"taxonomy":"post_tag","embeddable":true,"href":"https:\/\/www.ffc-comitedromecyclisme.com\/wordpress472\/wp-json\/wp\/v2\/tags?post=919"}],"curies":[{"name":"wp","href":"https:\/\/api.w.org\/{rel}","templated":true}]}}