{"id":995,"date":"2024-10-02T22:30:20","date_gmt":"2024-10-02T20:30:20","guid":{"rendered":"https:\/\/www.ffc-comitedromecyclisme.com\/wordpress472\/?p=995"},"modified":"2026-02-21T01:35:44","modified_gmt":"2026-02-21T00:35:44","slug":"reglement-coupe-drome-des-ecoles-de-cyclisme-2024-2025","status":"publish","type":"post","link":"https:\/\/www.ffc-comitedromecyclisme.com\/wordpress472\/2024\/10\/02\/reglement-coupe-drome-des-ecoles-de-cyclisme-2024-2025\/","title":{"rendered":"R\u00e8glement Coupe Dr\u00f4me des \u00c9coles de Cyclisme"},"content":{"rendered":"<p><strong> <img loading=\"lazy\" decoding=\"async\" class=\"size-medium wp-image-996 aligncenter\" src=\"https:\/\/www.ffc-comitedromecyclisme.com\/wordpress472\/wp-content\/uploads\/2024\/10\/Capture-decran-2024-08-13-013928-300x157.png\" alt=\"\" width=\"300\" height=\"157\" srcset=\"https:\/\/www.ffc-comitedromecyclisme.com\/wordpress472\/wp-content\/uploads\/2024\/10\/Capture-decran-2024-08-13-013928-300x157.png 300w, https:\/\/www.ffc-comitedromecyclisme.com\/wordpress472\/wp-content\/uploads\/2024\/10\/Capture-decran-2024-08-13-013928-230x120.png 230w, https:\/\/www.ffc-comitedromecyclisme.com\/wordpress472\/wp-content\/uploads\/2024\/10\/Capture-decran-2024-08-13-013928-350x183.png 350w, https:\/\/www.ffc-comitedromecyclisme.com\/wordpress472\/wp-content\/uploads\/2024\/10\/Capture-decran-2024-08-13-013928-480x251.png 480w, https:\/\/www.ffc-comitedromecyclisme.com\/wordpress472\/wp-content\/uploads\/2024\/10\/Capture-decran-2024-08-13-013928.png 636w\" sizes=\"auto, (max-width: 300px) 100vw, 300px\" \/><\/strong><\/p>\n<p style=\"text-align: center;\"><strong><u>COMITE DROME CYCLISTE<\/u><\/strong><\/p>\n<p style=\"text-align: center;\"><strong>COUPE DR\u00d4ME <\/strong><\/p>\n<p style=\"text-align: center;\"><strong>CATEGORIE ECOLES DE CYCLISME<\/strong><\/p>\n<p style=\"text-align: center;\">\u200b<\/p>\n<p style=\"text-align: center;\">La coupe Dr\u00f4me des \u00c9coles de Cyclisme route et cyclo-cross a \u00e9t\u00e9 cr\u00e9\u00e9 \u00e0 l\u2019initiative du comit\u00e9 Dr\u00f4me et des pr\u00e9sidents des clubs Dr\u00f4mois en date du lundi 13 juillet 2024 et reconductible chaque ann\u00e9e apr\u00e8s avis des entit\u00e9s cit\u00e9 ci-dessus. Les clubs participants auront pour mission de suivre ce r\u00e8glement pour l\u2019organisation des manifestations et de l&rsquo;expliquer \u00e0 leurs licenci\u00e9s.<\/p>\n<p style=\"text-align: center;\"><strong><u>Art. 1<\/u><\/strong> <strong><u>:<\/u><\/strong> cette comp\u00e9tition concerne les jeunes cyclistes, filles et gar\u00e7ons, des cat\u00e9gories suivantes : U7, U9, U11, U13, U15 licenci\u00e9s dans un club dr\u00f4mois affili\u00e9 \u00e0 la F\u00e9d\u00e9ration Fran\u00e7aise de Cyclisme.<\/p>\n<p style=\"text-align: center;\"><strong><u>Art. 2 :<\/u><\/strong> les rencontres route des \u00c9coles de Cyclisme sont organis\u00e9es par des clubs dr\u00f4mois est devront comporter au moins deux \u00e9preuves parmi les jeux, sprints, CLM et course, en essayant d\u2019\u00e9tablir une \u00e9quit\u00e9 des \u00e9preuves choisies par rapport aux nombres de manifestations. Les jeux seront choisis parmi les jeux officiels de la FFC.<\/p>\n<p style=\"text-align: center;\"><strong><u>Art. 3 :<\/u><\/strong> les Classements<\/p>\n<p style=\"text-align: center;\">\u00c0 l&rsquo;issue de chaque \u00e9preuve, un classement provisoire individuel sera \u00e9tabli. Pour qu&rsquo;un coureur soit class\u00e9 au classement final, il faudra faire partie d\u2019un Club Dr\u00f4mois et avoir respect\u00e9 le tableau ci-dessous :\u200b<\/p>\n<p style=\"text-align: center;\"><img loading=\"lazy\" decoding=\"async\" class=\"alignnone size-full wp-image-1495\" src=\"https:\/\/www.ffc-comitedromecyclisme.com\/wordpress472\/wp-content\/uploads\/2024\/10\/Epreuve.png\" alt=\"\" width=\"604\" height=\"43\" srcset=\"https:\/\/www.ffc-comitedromecyclisme.com\/wordpress472\/wp-content\/uploads\/2024\/10\/Epreuve.png 604w, https:\/\/www.ffc-comitedromecyclisme.com\/wordpress472\/wp-content\/uploads\/2024\/10\/Epreuve-300x21.png 300w, https:\/\/www.ffc-comitedromecyclisme.com\/wordpress472\/wp-content\/uploads\/2024\/10\/Epreuve-230x16.png 230w, https:\/\/www.ffc-comitedromecyclisme.com\/wordpress472\/wp-content\/uploads\/2024\/10\/Epreuve-350x25.png 350w, https:\/\/www.ffc-comitedromecyclisme.com\/wordpress472\/wp-content\/uploads\/2024\/10\/Epreuve-480x34.png 480w\" sizes=\"auto, (max-width: 604px) 100vw, 604px\" \/><\/p>\n<p style=\"text-align: center;\">1 Joker est attribu\u00e9 \u00e0 chaque coureur, sur l\u2019ensemble de la coupe cyclo-cross et idem en route, il sera retir\u00e9 en milieu de comp\u00e9tition et r\u00e9ajust\u00e9 au besoin en fin de comp\u00e9tition.<\/p>\n<p style=\"text-align: center;\">\u200b<\/p>\n<p style=\"text-align: center;\"><strong><u>Art. 3.1\u00a0: Classement individuel<\/u><\/strong><\/p>\n<p style=\"text-align: center;\"><strong>-Attribution des points sur le classement individuel scratch gar\u00e7on et fille :<\/strong><\/p>\n<p style=\"text-align: center;\"><strong><img loading=\"lazy\" decoding=\"async\" class=\"alignnone size-full wp-image-1493\" src=\"https:\/\/www.ffc-comitedromecyclisme.com\/wordpress472\/wp-content\/uploads\/2024\/10\/points-garcon.png\" alt=\"\" width=\"591\" height=\"118\" srcset=\"https:\/\/www.ffc-comitedromecyclisme.com\/wordpress472\/wp-content\/uploads\/2024\/10\/points-garcon.png 591w, https:\/\/www.ffc-comitedromecyclisme.com\/wordpress472\/wp-content\/uploads\/2024\/10\/points-garcon-300x60.png 300w, https:\/\/www.ffc-comitedromecyclisme.com\/wordpress472\/wp-content\/uploads\/2024\/10\/points-garcon-230x46.png 230w, https:\/\/www.ffc-comitedromecyclisme.com\/wordpress472\/wp-content\/uploads\/2024\/10\/points-garcon-350x70.png 350w, https:\/\/www.ffc-comitedromecyclisme.com\/wordpress472\/wp-content\/uploads\/2024\/10\/points-garcon-480x96.png 480w\" sizes=\"auto, (max-width: 591px) 100vw, 591px\" \/>\u00a0<\/strong><\/p>\n<p style=\"text-align: center;\"><strong>-Attribution des points sur le classement sp\u00e9cifique fille :<\/strong><\/p>\n<p><img loading=\"lazy\" decoding=\"async\" class=\"size-full wp-image-1494 aligncenter\" src=\"https:\/\/www.ffc-comitedromecyclisme.com\/wordpress472\/wp-content\/uploads\/2024\/10\/points-filles.png\" alt=\"\" width=\"593\" height=\"81\" srcset=\"https:\/\/www.ffc-comitedromecyclisme.com\/wordpress472\/wp-content\/uploads\/2024\/10\/points-filles.png 593w, https:\/\/www.ffc-comitedromecyclisme.com\/wordpress472\/wp-content\/uploads\/2024\/10\/points-filles-300x41.png 300w, https:\/\/www.ffc-comitedromecyclisme.com\/wordpress472\/wp-content\/uploads\/2024\/10\/points-filles-230x31.png 230w, https:\/\/www.ffc-comitedromecyclisme.com\/wordpress472\/wp-content\/uploads\/2024\/10\/points-filles-350x48.png 350w, https:\/\/www.ffc-comitedromecyclisme.com\/wordpress472\/wp-content\/uploads\/2024\/10\/points-filles-480x66.png 480w\" sizes=\"auto, (max-width: 593px) 100vw, 593px\" \/><\/p>\n<p style=\"text-align: center;\">\n<p style=\"text-align: center;\"><strong><u>Art. 3.2 : \u00e9galit\u00e9<\/u><\/strong><\/p>\n<p style=\"text-align: center;\">En cas d\u2019\u00e9galit\u00e9 sur une des \u00e9preuves route, ce sont les jeux d\u2019habilet\u00e9 qui feront la diff\u00e9rence. Si l\u2019\u00e9preuve ne comporte pas de jeux, c\u2019est le classement du contre-la-montre ou sprint qui doit d\u00e9partager les ex \u00e6quo.<\/p>\n<p style=\"text-align: center;\">En cas d\u2019\u00e9galit\u00e9 sur le vainqueur de la coupe, le plus grand nombre de meilleure place sera prise en compte.<\/p>\n<p style=\"text-align: center;\">Si cela ne suffit pas \u00e0 d\u00e9partager le vainqueur, la derni\u00e8re manifestation sera prise en compte.<\/p>\n<p style=\"text-align: center;\"><strong><u>Art. 3.3 : classement des clubs<\/u><\/strong><\/p>\n<p style=\"text-align: center;\">Un classement des clubs Dr\u00f4mois sera \u00e9tabli apr\u00e8s chaque \u00e9preuve par l\u2019addition des 3 meilleurs r\u00e9sultats, gar\u00e7ons et du meilleur r\u00e9sultat fille au scratch dans n\u2019importe quelle cat\u00e9gorie pour chaque club \u00e0 condition qu\u2019il y ait un minimum de 5 coureurs dans chaque cat\u00e9gorie.<\/p>\n<p style=\"text-align: center;\"><strong><u>Art. 4 :<\/u><\/strong> les classements feront l\u2019objet d\u2019une parution r\u00e9guli\u00e8re et seront t\u00e9l\u00e9chargeables au format PDF sur les sites internet du Comit\u00e9 Dr\u00f4me Cycliste : www.comitedromecycliste.fr<\/p>\n<p style=\"text-align: center;\"><strong><u>Art. 5 :<\/u><\/strong> <u>l<\/u>e r\u00e8glement f\u00e9d\u00e9ral FFC s\u2019applique sur toutes les \u00e9preuves. Le club organisateur devra privil\u00e9gier la mise en place d\u2019un chronom\u00e9trage \u00e9lectronique pour les sprints ainsi que l\u2019utilisation des transpondeurs pour les courses se d\u00e9roulant sur des parcours court soit inf\u00e9rieur \u00e0 2 km. Seuls les classements \u00e9tablis par les organisateurs ou arbitres sont pris en compte pour le classement de la coupe. Aucune r\u00e9clamation ne sera prise en compte par le comit\u00e9 d\u00e9partemental.<\/p>\n<p style=\"text-align: center;\"><strong><u>Art. 6 : <\/u><\/strong>\u00a0les clubs participants devront favoriser les engagements \u00e0 l&rsquo;avance via le site internet FFC.<\/p>\n<p style=\"text-align: center;\">Grille de d\u00e9part<\/p>\n<p style=\"text-align: center;\">Pour les cyclo-cross, le club organisateur mettra en place une grille de d\u00e9part avec tirage au sort obligatoire comme le pr\u00e9voit le r\u00e8glement f\u00e9d\u00e9ral dont seuls les coureurs engag\u00e9s \u00e0 l&rsquo;avance pourront b\u00e9n\u00e9ficier. Les jeunes qui prennent le d\u00e9part avec un VTT sont plac\u00e9s dans la grille \u00e0 leur place respective de m\u00eame pour les filles qui ne b\u00e9n\u00e9ficient pas de d\u00e9part anticip\u00e9.<\/p>\n<p style=\"text-align: center;\"><strong><u>Art. 7 :<\/u><\/strong> en cas de litige ou de manquement \u00e0 la r\u00e9glementation, le comit\u00e9 Dr\u00f4me statuera et le jugement sera sans appel.<\/p>\n<p style=\"text-align: center;\"><strong><u>Art. 8 :<\/u><\/strong> il est demand\u00e9 aux parents d\u2019avoir un comportement fair-play sur les \u00e9preuves et de respecter ce r\u00e8glement et le r\u00e8glement FFC. Comme par exemple, ne pas se trouver sur le circuit (\u00e0 pied ou \u00e0 v\u00e9lo).<\/p>\n<p style=\"text-align: center;\"><strong><u>\u00a0Art. 9 :<\/u><\/strong> contr\u00f4le des braquets (route)<\/p>\n<p style=\"text-align: center;\">Afin de respecter la r\u00e9glementation, des contr\u00f4les de braquets seront effectu\u00e9s de fa\u00e7on obligatoire pendant la saison route hormis pour les U15 Filles. \u00c0 ce propos, le r\u00e9glage des but\u00e9es du d\u00e9railleur sera tol\u00e9r\u00e9. Les clubs organisateurs devront communiquer r\u00e9guli\u00e8rement sur cette obligation et pr\u00e9voir des contr\u00f4les \u00e0 l\u2019appel des coureurs soit juste avant le d\u00e9part des courses.<\/p>\n<p style=\"text-align: center;\"><strong><u>Art. 10 :<\/u><\/strong> le changement de v\u00e9lo entre les \u00e9preuves est interdit.<\/p>\n<p style=\"text-align: center;\"><strong><u>Art. 11 :<\/u><\/strong> il est demand\u00e9 aux clubs organisateurs de faire le n\u00e9cessaire afin que le temps d&rsquo;attente entre les \u00e9preuves soit le m\u00eame pour toutes les cat\u00e9gories.<\/p>\n<p style=\"text-align: center;\"><strong><u>Art. 12 :<\/u><\/strong> la remise officielle des r\u00e9compenses se fait \u00e0 l\u2019occasion de la derni\u00e8re \u00e9preuve. Les 3 premiers et 3 premi\u00e8res de chaque cat\u00e9gorie licencier dans un club Dr\u00f4mois recevront un troph\u00e9e. La pr\u00e9sence des r\u00e9cipiendaires \u00e0 cette remise de r\u00e9compenses est obligatoire.<\/p>\n<p style=\"text-align: center;\">Les diff\u00e9rentes r\u00e9compenses sont financ\u00e9es par le comit\u00e9 Dr\u00f4me. \u00c0 partir de la saison, route 2024, le troph\u00e9e attribu\u00e9 au club vainqueur par \u00e9quipe sera remis en jeu l\u2019ann\u00e9e suivante. Il en sera de m\u00eame pour le troph\u00e9e cyclo-cross attribu\u00e9 au vainqueur par \u00e9quipe.<\/p>\n<p style=\"text-align: center;\">\u00c0 l\u2019issue de chaque manche, le club organisateur transmettra le classement de l\u2019\u00e9preuve \u00e0 Jordan ROUMEAS (jroumeas@icloud.com) 06.61.90.14.84 pour la mise \u00e0 jour.<\/p>\n<p style=\"text-align: center;\">La coordination de la coupe Dr\u00f4me \u00c9cole de V\u00e9lo est effectu\u00e9e par :<\/p>\n<p style=\"text-align: center;\">Jordan ROUMEAS<\/p>\n","protected":false},"excerpt":{"rendered":"<p>COMITE DROME CYCLISTE COUPE DR\u00d4ME CATEGORIE ECOLES DE CYCLISME \u200b La coupe Dr\u00f4me des \u00c9coles de Cyclisme route et cyclo-cross a \u00e9t\u00e9 [&hellip;]<\/p>\n","protected":false},"author":8,"featured_media":0,"comment_status":"closed","ping_status":"open","sticky":false,"template":"","format":"standard","meta":{"footnotes":""},"categories":[12,10,13],"tags":[],"class_list":["post-995","post","type-post","status-publish","format-standard","hentry","category-cyclo-cross","category-edc","category-route"],"_links":{"self":[{"href":"https:\/\/www.ffc-comitedromecyclisme.com\/wordpress472\/wp-json\/wp\/v2\/posts\/995","targetHints":{"allow":["GET"]}}],"collection":[{"href":"https:\/\/www.ffc-comitedromecyclisme.com\/wordpress472\/wp-json\/wp\/v2\/posts"}],"about":[{"href":"https:\/\/www.ffc-comitedromecyclisme.com\/wordpress472\/wp-json\/wp\/v2\/types\/post"}],"author":[{"embeddable":true,"href":"https:\/\/www.ffc-comitedromecyclisme.com\/wordpress472\/wp-json\/wp\/v2\/users\/8"}],"replies":[{"embeddable":true,"href":"https:\/\/www.ffc-comitedromecyclisme.com\/wordpress472\/wp-json\/wp\/v2\/comments?post=995"}],"version-history":[{"count":8,"href":"https:\/\/www.ffc-comitedromecyclisme.com\/wordpress472\/wp-json\/wp\/v2\/posts\/995\/revisions"}],"predecessor-version":[{"id":1497,"href":"https:\/\/www.ffc-comitedromecyclisme.com\/wordpress472\/wp-json\/wp\/v2\/posts\/995\/revisions\/1497"}],"wp:attachment":[{"href":"https:\/\/www.ffc-comitedromecyclisme.com\/wordpress472\/wp-json\/wp\/v2\/media?parent=995"}],"wp:term":[{"taxonomy":"category","embeddable":true,"href":"https:\/\/www.ffc-comitedromecyclisme.com\/wordpress472\/wp-json\/wp\/v2\/categories?post=995"},{"taxonomy":"post_tag","embeddable":true,"href":"https:\/\/www.ffc-comitedromecyclisme.com\/wordpress472\/wp-json\/wp\/v2\/tags?post=995"}],"curies":[{"name":"wp","href":"https:\/\/api.w.org\/{rel}","templated":true}]}}